{"id":62550,"date":"2025-06-03T12:35:37","date_gmt":"2025-06-03T12:35:37","guid":{"rendered":"https:\/\/pulsperry.com\/?p=62550"},"modified":"2025-06-03T12:35:38","modified_gmt":"2025-06-03T12:35:38","slug":"father-mother","status":"publish","type":"post","link":"https:\/\/pulsperry.com\/?p=62550","title":{"rendered":"Father, mother?"},"content":{"rendered":"\n<p>The tragic accident that occurred on the morning of last Sunday, July 16, on the CE-060 highway, between Cariria\u00e7u and Juazeiro do Norte, casts a veil of mourning over the Cariri region.<\/p>\n\n\n\n<figure class=\"wp-block-image size-full\"><img fetchpriority=\"high\" decoding=\"async\" width=\"520\" height=\"563\" src=\"https:\/\/pulsperry.com\/wp-content\/uploads\/2025\/06\/1000013889.jpg\" alt=\"\" class=\"wp-image-62551\" srcset=\"https:\/\/pulsperry.com\/wp-content\/uploads\/2025\/06\/1000013889.jpg 520w, https:\/\/pulsperry.com\/wp-content\/uploads\/2025\/06\/1000013889-277x300.jpg 277w\" sizes=\"(max-width: 520px) 100vw, 520px\" \/><\/figure>\n\n\n\n<p>The irreparable loss of an entire family, made up of H\u00e9rida Nascimento da Silva, Sebasti\u00e3o C\u00edcero Gomes and little Miguel Nascimento Gomes, just 3 years old, highlights the fragility of life and the unpredictability of destiny.<\/p>\n\n\n\n<p>The information, broadcast by TV Verdes Mares and confirmed by the Cear\u00e1 Military Fire Department, paints a bleak picture. The family, who live in V\u00e1rzea Alegre, were heading to Juazeiro do Norte, on a trip that, under normal conditions, would have lasted about an hour.<\/p>\n\n\n\n<p>The reason for the trip, a surgical procedure that little Miguel would undergo, adds a layer of sadness to the tragedy. The hope of healing and well-being was abruptly interrupted, turning into pain and mourning.<\/p>\n\n\n\n<p>The accident, which occurred around 7 a.m., resulted in the vehicle falling into a stream near S\u00edtio Piripiri. The depth of the water, around 5 meters, made rescue difficult and contributed to the fatal outcome.<\/p>\n\n\n\n<p>The loss of control of the vehicle, which is still under investigation, raises questions about the condition of the highway and the safety of drivers using it.<\/p>\n","protected":false},"excerpt":{"rendered":"<p>The tragic accident that occurred on the morning of last Sunday, July 16, on the CE-060 highway, between Cariria\u00e7u and Juazeiro do Norte, casts a veil of&#8230; <\/p>\n","protected":false},"author":1,"featured_media":0,"comment_status":"open","ping_status":"open","sticky":false,"template":"","format":"standard","meta":{"_monsterinsights_skip_tracking":false,"_monsterinsights_sitenote_active":false,"_monsterinsights_sitenote_note":"","_monsterinsights_sitenote_category":0,"footnotes":""},"categories":[1],"tags":[],"aioseo_notices":[],"_links":{"self":[{"href":"https:\/\/pulsperry.com\/index.php?rest_route=\/wp\/v2\/posts\/62550"}],"collection":[{"href":"https:\/\/pulsperry.com\/index.php?rest_route=\/wp\/v2\/posts"}],"about":[{"href":"https:\/\/pulsperry.com\/index.php?rest_route=\/wp\/v2\/types\/post"}],"author":[{"embeddable":true,"href":"https:\/\/pulsperry.com\/index.php?rest_route=\/wp\/v2\/users\/1"}],"replies":[{"embeddable":true,"href":"https:\/\/pulsperry.com\/index.php?rest_route=%2Fwp%2Fv2%2Fcomments&post=62550"}],"version-history":[{"count":1,"href":"https:\/\/pulsperry.com\/index.php?rest_route=\/wp\/v2\/posts\/62550\/revisions"}],"predecessor-version":[{"id":62552,"href":"https:\/\/pulsperry.com\/index.php?rest_route=\/wp\/v2\/posts\/62550\/revisions\/62552"}],"wp:attachment":[{"href":"https:\/\/pulsperry.com\/index.php?rest_route=%2Fwp%2Fv2%2Fmedia&parent=62550"}],"wp:term":[{"taxonomy":"category","embeddable":true,"href":"https:\/\/pulsperry.com\/index.php?rest_route=%2Fwp%2Fv2%2Fcategories&post=62550"},{"taxonomy":"post_tag","embeddable":true,"href":"https:\/\/pulsperry.com\/index.php?rest_route=%2Fwp%2Fv2%2Ftags&post=62550"}],"curies":[{"name":"wp","href":"https:\/\/api.w.org\/{rel}","templated":true}]}}